{"id":2320,"date":"2025-12-15T17:38:27","date_gmt":"2025-12-15T16:38:27","guid":{"rendered":"https:\/\/www.musikschule-allegro.eu\/allegro-grebroi\/?p=2320"},"modified":"2025-12-15T17:41:38","modified_gmt":"2025-12-15T16:41:38","slug":"gemeinsam-musik-erlebt","status":"publish","type":"post","link":"https:\/\/www.musikschule-allegro.eu\/allegro-grebroi\/gemeinsam-musik-erlebt\/","title":{"rendered":"Gemeinsam Musik erlebt"},"content":{"rendered":"\t\t<div data-elementor-type=\"wp-post\" data-elementor-id=\"2320\" class=\"elementor elementor-2320\" data-elementor-post-type=\"post\">\n\t\t\t\t\t\t<section class=\"elementor-section elementor-top-section elementor-element elementor-element-735347e0 elementor-section-boxed elementor-section-height-default elementor-section-height-default\" data-id=\"735347e0\" data-element_type=\"section\" data-e-type=\"section\">\n\t\t\t\t\t\t<div class=\"elementor-container elementor-column-gap-default\">\n\t\t\t\t\t<div class=\"elementor-column elementor-col-100 elementor-top-column elementor-element elementor-element-a1e8da2\" data-id=\"a1e8da2\" data-element_type=\"column\" data-e-type=\"column\">\n\t\t\t<div class=\"elementor-widget-wrap elementor-element-populated\">\n\t\t\t\t\t\t<div class=\"elementor-element elementor-element-6a9a4e8 elementor-widget elementor-widget-text-editor\" data-id=\"6a9a4e8\" data-element_type=\"widget\" data-e-type=\"widget\" data-widget_type=\"text-editor.default\">\n\t\t\t\t<div class=\"elementor-widget-container\">\n\t\t\t\t\t\t\t\t\t<p>Am Sonntag, den 14. Dezember 2025 fand wieder unser ersehntes Sch\u00fclerkonzert der Musikschule Allegro statt. <br \/><br \/>Ein herzliches Dankesch\u00f6n an unsere Sch\u00fclerinnen und Sch\u00fcler, an die Eltern f\u00fcr ihre Unterst\u00fctzung sowie an die Lehrkr\u00e4fte f\u00fcr ihr Engagement. Gemeinsam haben Sie diesen Konzertnachmittag zu einem besonderen Erlebnis gemacht.<br \/><br \/>Ohne euch w\u00e4re dieses wunderbare Sch\u00fclerkonzert nicht m\u00f6glich gewesen.<\/p>\n<p><!-- \/wp:paragraph --><\/p>\t\t\t\t\t\t\t\t<\/div>\n\t\t\t\t<\/div>\n\t\t\t\t<div class=\"elementor-element elementor-element-4f0a8a3 elementor-widget elementor-widget-heading\" data-id=\"4f0a8a3\" data-element_type=\"widget\" data-e-type=\"widget\" data-widget_type=\"heading.default\">\n\t\t\t\t<div class=\"elementor-widget-container\">\n\t\t\t\t\t<h4 class=\"elementor-heading-title elementor-size-default\">Eure Musikschule Allegro<\/h4>\t\t\t\t<\/div>\n\t\t\t\t<\/div>\n\t\t\t\t\t<\/div>\n\t\t<\/div>\n\t\t\t\t\t<\/div>\n\t\t<\/section>\n\t\t<div class=\"elementor-element elementor-element-69e3f38 e-flex e-con-boxed e-con e-parent\" data-id=\"69e3f38\" data-element_type=\"container\" data-e-type=\"container\">\n\t\t\t\t\t<div class=\"e-con-inner\">\n\t\t\t\t<div class=\"elementor-element elementor-element-7e2ee2c elementor-align-justify elementor-hidden-desktop elementor-hidden-tablet elementor-hidden-mobile elementor-widget elementor-widget-button\" data-id=\"7e2ee2c\" data-element_type=\"widget\" data-e-type=\"widget\" data-widget_type=\"button.default\">\n\t\t\t\t<div class=\"elementor-widget-container\">\n\t\t\t\t\t\t\t\t\t<div class=\"elementor-button-wrapper\">\n\t\t\t\t\t<a class=\"elementor-button elementor-button-link elementor-size-sm\" href=\"https:\/\/www.musikschule-allegro.eu\/allegro-grebroi\/wp-content\/uploads\/2024\/04\/Schuelerkonzert061024GV.pdf\">\n\t\t\t\t\t\t<span class=\"elementor-button-content-wrapper\">\n\t\t\t\t\t\t\t\t\t<span class=\"elementor-button-text\">Download der Einladung (PDF)<\/span>\n\t\t\t\t\t<\/span>\n\t\t\t\t\t<\/a>\n\t\t\t\t<\/div>\n\t\t\t\t\t\t\t\t<\/div>\n\t\t\t\t<\/div>\n\t\t\t\t\t<\/div>\n\t\t\t\t<\/div>\n\t\t\t\t<\/div>\n\t\t","protected":false},"excerpt":{"rendered":"<p>Am Sonntag, den 14. Dezember 2025 fand wieder unser ersehntes Sch\u00fclerkonzert der Musikschule Allegro statt. Ein herzliches Dankesch\u00f6n an unsere Sch\u00fclerinnen und Sch\u00fcler, an die Eltern f\u00fcr ihre Unterst\u00fctzung sowie an die Lehrkr\u00e4fte f\u00fcr ihr Engagement. Gemeinsam haben Sie diesen Konzertnachmittag zu einem besonderen Erlebnis gemacht. Ohne euch w\u00e4re dieses wunderbare Sch\u00fclerkonzert nicht m\u00f6glich gewesen. [&hellip;]<\/p>\n","protected":false},"author":1,"featured_media":1579,"comment_status":"closed","ping_status":"closed","sticky":false,"template":"","format":"standard","meta":{"footnotes":""},"categories":[6],"tags":[],"class_list":["post-2320","post","type-post","status-publish","format-standard","has-post-thumbnail","hentry","category-aktuelles"],"_links":{"self":[{"href":"https:\/\/www.musikschule-allegro.eu\/allegro-grebroi\/wp-json\/wp\/v2\/posts\/2320","targetHints":{"allow":["GET"]}}],"collection":[{"href":"https:\/\/www.musikschule-allegro.eu\/allegro-grebroi\/wp-json\/wp\/v2\/posts"}],"about":[{"href":"https:\/\/www.musikschule-allegro.eu\/allegro-grebroi\/wp-json\/wp\/v2\/types\/post"}],"author":[{"embeddable":true,"href":"https:\/\/www.musikschule-allegro.eu\/allegro-grebroi\/wp-json\/wp\/v2\/users\/1"}],"replies":[{"embeddable":true,"href":"https:\/\/www.musikschule-allegro.eu\/allegro-grebroi\/wp-json\/wp\/v2\/comments?post=2320"}],"version-history":[{"count":4,"href":"https:\/\/www.musikschule-allegro.eu\/allegro-grebroi\/wp-json\/wp\/v2\/posts\/2320\/revisions"}],"predecessor-version":[{"id":2324,"href":"https:\/\/www.musikschule-allegro.eu\/allegro-grebroi\/wp-json\/wp\/v2\/posts\/2320\/revisions\/2324"}],"wp:featuredmedia":[{"embeddable":true,"href":"https:\/\/www.musikschule-allegro.eu\/allegro-grebroi\/wp-json\/wp\/v2\/media\/1579"}],"wp:attachment":[{"href":"https:\/\/www.musikschule-allegro.eu\/allegro-grebroi\/wp-json\/wp\/v2\/media?parent=2320"}],"wp:term":[{"taxonomy":"category","embeddable":true,"href":"https:\/\/www.musikschule-allegro.eu\/allegro-grebroi\/wp-json\/wp\/v2\/categories?post=2320"},{"taxonomy":"post_tag","embeddable":true,"href":"https:\/\/www.musikschule-allegro.eu\/allegro-grebroi\/wp-json\/wp\/v2\/tags?post=2320"}],"curies":[{"name":"wp","href":"https:\/\/api.w.org\/{rel}","templated":true}]}}